{"id":30589,"date":"2017-12-03T06:09:42","date_gmt":"2017-12-03T05:09:42","guid":{"rendered":"https:\/\/rehagirona.artic-dev.com\/mes-sensibilitzacio-per-a-les-persones-amb-discapacitat\/"},"modified":"2017-12-03T06:09:42","modified_gmt":"2017-12-03T05:09:42","slug":"mes-sensibilitzacio-per-a-les-persones-amb-discapacitat","status":"publish","type":"post","link":"https:\/\/www.rehagirona.com\/ca\/mes-sensibilitzacio-per-a-les-persones-amb-discapacitat\/","title":{"rendered":"M\u00e9s sensibilitzaci\u00f3 per a les Persones amb Discapacitat"},"content":{"rendered":"<p>Rehagirona ens sumem a la celebraci\u00f3 del <strong>Dia Internacional de les Persones amb Discapacitat<\/strong>, que t\u00e9 per objectiu <strong>sensibilitzar<\/strong> l&#8217;opini\u00f3 p\u00fablica sobre les q\u00fcestions relacionades amb la discapacitat, a m\u00e9s de mobilitzar el <strong>suport a la dignitat<\/strong>, els <strong>drets<\/strong> i el <strong>benestar<\/strong> de les persones amb aquesta condici\u00f3.<\/p>\n<p>Tamb\u00e9 busca promoure la <strong>presa de consci\u00e8ncia<\/strong> sobre els guanys que es derivarien de la integraci\u00f3 de les persones amb discapacitat en tots els aspectes de la vida pol\u00edtica, social, econ\u00f2mica i cultural.<\/p>\n<p>Aquesta Dia se celebra mundialment cada any des del 1992, que coincideix a m\u00e9s amb l&#8217;aniversari de l&#8217;aprovaci\u00f3 de la Convenci\u00f3 sobre els Drets de les Persones amb Discapacitat, una de les m\u00e9s r\u00e0pidament ratificades per un gran nombre de pa\u00efsos.<\/p>\n","protected":false},"excerpt":{"rendered":"<p>Rehagirona ens sumem a la celebraci\u00f3 del Dia Internacional de les Persones amb Discapacitat, que t\u00e9 per objectiu sensibilitzar l&#8217;opini\u00f3 [&hellip;]<\/p>\n","protected":false},"author":2,"featured_media":30587,"comment_status":"open","ping_status":"open","sticky":false,"template":"","format":"standard","meta":{"_acf_changed":false,"footnotes":""},"categories":[1044],"tags":[1904],"class_list":["post-30589","post","type-post","status-publish","format-standard","has-post-thumbnail","hentry","category-articles","tag-dia-internacional-de-les-persones-amb-discapacitat"],"acf":[],"yoast_head":"<!-- This site is optimized with the Yoast SEO plugin v26.8 - https:\/\/yoast.com\/product\/yoast-seo-wordpress\/ -->\n<title>M\u00e9s sensibilitzaci\u00f3 per a les Persones amb Discapacitat - Rehagirona<\/title>\n<meta name=\"robots\" content=\"index, follow, max-snippet:-1, max-image-preview:large, max-video-preview:-1\" \/>\n<link rel=\"canonical\" href=\"https:\/\/www.rehagirona.com\/ca\/mes-sensibilitzacio-per-a-les-persones-amb-discapacitat\/\" \/>\n<meta property=\"og:locale\" content=\"en_US\" \/>\n<meta property=\"og:type\" content=\"article\" \/>\n<meta property=\"og:title\" content=\"M\u00e9s sensibilitzaci\u00f3 per a les Persones amb Discapacitat - Rehagirona\" \/>\n<meta property=\"og:description\" content=\"Rehagirona ens sumem a la celebraci\u00f3 del Dia Internacional de les Persones amb Discapacitat, que t\u00e9 per objectiu sensibilitzar l&#8217;opini\u00f3 [&hellip;]\" \/>\n<meta property=\"og:url\" content=\"https:\/\/www.rehagirona.com\/ca\/mes-sensibilitzacio-per-a-les-persones-amb-discapacitat\/\" \/>\n<meta property=\"og:site_name\" content=\"Rehagirona\" \/>\n<meta property=\"article:published_time\" content=\"2017-12-03T05:09:42+00:00\" \/>\n<meta property=\"og:image\" content=\"https:\/\/www.rehagirona.com\/wp-content\/uploads\/2019\/09\/mc3a1s-sensibilizacic3b3n-para-las-personas-con-discapacidad.jpg\" \/>\n\t<meta property=\"og:image:width\" content=\"900\" \/>\n\t<meta property=\"og:image:height\" content=\"506\" \/>\n\t<meta property=\"og:image:type\" content=\"image\/jpeg\" \/>\n<meta name=\"author\" content=\"Rehagirona\" \/>\n<meta name=\"twitter:card\" content=\"summary_large_image\" \/>\n<meta name=\"twitter:label1\" content=\"Written by\" \/>\n\t<meta name=\"twitter:data1\" content=\"\" \/>\n\t<meta name=\"twitter:label2\" content=\"Est. reading time\" \/>\n\t<meta name=\"twitter:data2\" content=\"1 minute\" \/>\n<script type=\"application\/ld+json\" class=\"yoast-schema-graph\">{\"@context\":\"https:\/\/schema.org\",\"@graph\":[{\"@type\":\"Article\",\"@id\":\"https:\/\/www.rehagirona.com\/ca\/mes-sensibilitzacio-per-a-les-persones-amb-discapacitat\/#article\",\"isPartOf\":{\"@id\":\"https:\/\/www.rehagirona.com\/ca\/mes-sensibilitzacio-per-a-les-persones-amb-discapacitat\/\"},\"author\":{\"name\":\"Rehagirona\",\"@id\":\"https:\/\/www.rehagirona.com\/ca\/#\/schema\/person\/5578abbc7e49064daeb633f00f05bf8a\"},\"headline\":\"M\u00e9s sensibilitzaci\u00f3 per a les Persones amb Discapacitat\",\"datePublished\":\"2017-12-03T05:09:42+00:00\",\"mainEntityOfPage\":{\"@id\":\"https:\/\/www.rehagirona.com\/ca\/mes-sensibilitzacio-per-a-les-persones-amb-discapacitat\/\"},\"wordCount\":140,\"commentCount\":0,\"image\":{\"@id\":\"https:\/\/www.rehagirona.com\/ca\/mes-sensibilitzacio-per-a-les-persones-amb-discapacitat\/#primaryimage\"},\"thumbnailUrl\":\"https:\/\/www.rehagirona.com\/wp-content\/uploads\/2019\/09\/mc3a1s-sensibilizacic3b3n-para-las-personas-con-discapacidad.jpg\",\"keywords\":[\"Dia Internacional de les Persones amb Discapacitat\"],\"articleSection\":[\"Articles\"],\"inLanguage\":\"ca-CA\",\"potentialAction\":[{\"@type\":\"CommentAction\",\"name\":\"Comment\",\"target\":[\"https:\/\/www.rehagirona.com\/ca\/mes-sensibilitzacio-per-a-les-persones-amb-discapacitat\/#respond\"]}]},{\"@type\":\"WebPage\",\"@id\":\"https:\/\/www.rehagirona.com\/ca\/mes-sensibilitzacio-per-a-les-persones-amb-discapacitat\/\",\"url\":\"https:\/\/www.rehagirona.com\/ca\/mes-sensibilitzacio-per-a-les-persones-amb-discapacitat\/\",\"name\":\"M\u00e9s sensibilitzaci\u00f3 per a les Persones amb Discapacitat - Rehagirona\",\"isPartOf\":{\"@id\":\"https:\/\/www.rehagirona.com\/ca\/#website\"},\"primaryImageOfPage\":{\"@id\":\"https:\/\/www.rehagirona.com\/ca\/mes-sensibilitzacio-per-a-les-persones-amb-discapacitat\/#primaryimage\"},\"image\":{\"@id\":\"https:\/\/www.rehagirona.com\/ca\/mes-sensibilitzacio-per-a-les-persones-amb-discapacitat\/#primaryimage\"},\"thumbnailUrl\":\"https:\/\/www.rehagirona.com\/wp-content\/uploads\/2019\/09\/mc3a1s-sensibilizacic3b3n-para-las-personas-con-discapacidad.jpg\",\"datePublished\":\"2017-12-03T05:09:42+00:00\",\"author\":{\"@id\":\"https:\/\/www.rehagirona.com\/ca\/#\/schema\/person\/5578abbc7e49064daeb633f00f05bf8a\"},\"breadcrumb\":{\"@id\":\"https:\/\/www.rehagirona.com\/ca\/mes-sensibilitzacio-per-a-les-persones-amb-discapacitat\/#breadcrumb\"},\"inLanguage\":\"ca-CA\",\"potentialAction\":[{\"@type\":\"ReadAction\",\"target\":[\"https:\/\/www.rehagirona.com\/ca\/mes-sensibilitzacio-per-a-les-persones-amb-discapacitat\/\"]}]},{\"@type\":\"ImageObject\",\"inLanguage\":\"ca-CA\",\"@id\":\"https:\/\/www.rehagirona.com\/ca\/mes-sensibilitzacio-per-a-les-persones-amb-discapacitat\/#primaryimage\",\"url\":\"https:\/\/www.rehagirona.com\/wp-content\/uploads\/2019\/09\/mc3a1s-sensibilizacic3b3n-para-las-personas-con-discapacidad.jpg\",\"contentUrl\":\"https:\/\/www.rehagirona.com\/wp-content\/uploads\/2019\/09\/mc3a1s-sensibilizacic3b3n-para-las-personas-con-discapacidad.jpg\",\"width\":900,\"height\":506,\"caption\":\"M\u00e1s sensibilizaci\u00f3n para las Personas con Discapacidad\"},{\"@type\":\"BreadcrumbList\",\"@id\":\"https:\/\/www.rehagirona.com\/ca\/mes-sensibilitzacio-per-a-les-persones-amb-discapacitat\/#breadcrumb\",\"itemListElement\":[{\"@type\":\"ListItem\",\"position\":1,\"name\":\"Home\",\"item\":\"https:\/\/www.rehagirona.com\/ca\/\"},{\"@type\":\"ListItem\",\"position\":2,\"name\":\"M\u00e9s sensibilitzaci\u00f3 per a les Persones amb Discapacitat\"}]},{\"@type\":\"WebSite\",\"@id\":\"https:\/\/www.rehagirona.com\/ca\/#website\",\"url\":\"https:\/\/www.rehagirona.com\/ca\/\",\"name\":\"Rehagirona\",\"description\":\"Rehagirona\",\"potentialAction\":[{\"@type\":\"SearchAction\",\"target\":{\"@type\":\"EntryPoint\",\"urlTemplate\":\"https:\/\/www.rehagirona.com\/ca\/?s={search_term_string}\"},\"query-input\":{\"@type\":\"PropertyValueSpecification\",\"valueRequired\":true,\"valueName\":\"search_term_string\"}}],\"inLanguage\":\"ca-CA\"},{\"@type\":\"Person\",\"@id\":\"https:\/\/www.rehagirona.com\/ca\/#\/schema\/person\/5578abbc7e49064daeb633f00f05bf8a\",\"name\":\"Rehagirona\",\"image\":{\"@type\":\"ImageObject\",\"inLanguage\":\"ca-CA\",\"@id\":\"https:\/\/www.rehagirona.com\/ca\/#\/schema\/person\/image\/\",\"url\":\"https:\/\/www.rehagirona.com\/wp-content\/litespeed\/avatar\/5ce495079e434aab0db56973643071d5.jpg?ver=1777464105\",\"contentUrl\":\"https:\/\/www.rehagirona.com\/wp-content\/litespeed\/avatar\/5ce495079e434aab0db56973643071d5.jpg?ver=1777464105\",\"caption\":\"Rehagirona\"},\"url\":\"https:\/\/www.rehagirona.com\/ca\/author\/rehagirona\/\"}]}<\/script>\n<!-- \/ Yoast SEO plugin. -->","yoast_head_json":{"title":"M\u00e9s sensibilitzaci\u00f3 per a les Persones amb Discapacitat - Rehagirona","robots":{"index":"index","follow":"follow","max-snippet":"max-snippet:-1","max-image-preview":"max-image-preview:large","max-video-preview":"max-video-preview:-1"},"canonical":"https:\/\/www.rehagirona.com\/ca\/mes-sensibilitzacio-per-a-les-persones-amb-discapacitat\/","og_locale":"en_US","og_type":"article","og_title":"M\u00e9s sensibilitzaci\u00f3 per a les Persones amb Discapacitat - Rehagirona","og_description":"Rehagirona ens sumem a la celebraci\u00f3 del Dia Internacional de les Persones amb Discapacitat, que t\u00e9 per objectiu sensibilitzar l&#8217;opini\u00f3 [&hellip;]","og_url":"https:\/\/www.rehagirona.com\/ca\/mes-sensibilitzacio-per-a-les-persones-amb-discapacitat\/","og_site_name":"Rehagirona","article_published_time":"2017-12-03T05:09:42+00:00","og_image":[{"width":900,"height":506,"url":"https:\/\/www.rehagirona.com\/wp-content\/uploads\/2019\/09\/mc3a1s-sensibilizacic3b3n-para-las-personas-con-discapacidad.jpg","type":"image\/jpeg"}],"author":"Rehagirona","twitter_card":"summary_large_image","twitter_misc":{"Written by":false,"Est. reading time":"1 minute"},"schema":{"@context":"https:\/\/schema.org","@graph":[{"@type":"Article","@id":"https:\/\/www.rehagirona.com\/ca\/mes-sensibilitzacio-per-a-les-persones-amb-discapacitat\/#article","isPartOf":{"@id":"https:\/\/www.rehagirona.com\/ca\/mes-sensibilitzacio-per-a-les-persones-amb-discapacitat\/"},"author":{"name":"Rehagirona","@id":"https:\/\/www.rehagirona.com\/ca\/#\/schema\/person\/5578abbc7e49064daeb633f00f05bf8a"},"headline":"M\u00e9s sensibilitzaci\u00f3 per a les Persones amb Discapacitat","datePublished":"2017-12-03T05:09:42+00:00","mainEntityOfPage":{"@id":"https:\/\/www.rehagirona.com\/ca\/mes-sensibilitzacio-per-a-les-persones-amb-discapacitat\/"},"wordCount":140,"commentCount":0,"image":{"@id":"https:\/\/www.rehagirona.com\/ca\/mes-sensibilitzacio-per-a-les-persones-amb-discapacitat\/#primaryimage"},"thumbnailUrl":"https:\/\/www.rehagirona.com\/wp-content\/uploads\/2019\/09\/mc3a1s-sensibilizacic3b3n-para-las-personas-con-discapacidad.jpg","keywords":["Dia Internacional de les Persones amb Discapacitat"],"articleSection":["Articles"],"inLanguage":"ca-CA","potentialAction":[{"@type":"CommentAction","name":"Comment","target":["https:\/\/www.rehagirona.com\/ca\/mes-sensibilitzacio-per-a-les-persones-amb-discapacitat\/#respond"]}]},{"@type":"WebPage","@id":"https:\/\/www.rehagirona.com\/ca\/mes-sensibilitzacio-per-a-les-persones-amb-discapacitat\/","url":"https:\/\/www.rehagirona.com\/ca\/mes-sensibilitzacio-per-a-les-persones-amb-discapacitat\/","name":"M\u00e9s sensibilitzaci\u00f3 per a les Persones amb Discapacitat - Rehagirona","isPartOf":{"@id":"https:\/\/www.rehagirona.com\/ca\/#website"},"primaryImageOfPage":{"@id":"https:\/\/www.rehagirona.com\/ca\/mes-sensibilitzacio-per-a-les-persones-amb-discapacitat\/#primaryimage"},"image":{"@id":"https:\/\/www.rehagirona.com\/ca\/mes-sensibilitzacio-per-a-les-persones-amb-discapacitat\/#primaryimage"},"thumbnailUrl":"https:\/\/www.rehagirona.com\/wp-content\/uploads\/2019\/09\/mc3a1s-sensibilizacic3b3n-para-las-personas-con-discapacidad.jpg","datePublished":"2017-12-03T05:09:42+00:00","author":{"@id":"https:\/\/www.rehagirona.com\/ca\/#\/schema\/person\/5578abbc7e49064daeb633f00f05bf8a"},"breadcrumb":{"@id":"https:\/\/www.rehagirona.com\/ca\/mes-sensibilitzacio-per-a-les-persones-amb-discapacitat\/#breadcrumb"},"inLanguage":"ca-CA","potentialAction":[{"@type":"ReadAction","target":["https:\/\/www.rehagirona.com\/ca\/mes-sensibilitzacio-per-a-les-persones-amb-discapacitat\/"]}]},{"@type":"ImageObject","inLanguage":"ca-CA","@id":"https:\/\/www.rehagirona.com\/ca\/mes-sensibilitzacio-per-a-les-persones-amb-discapacitat\/#primaryimage","url":"https:\/\/www.rehagirona.com\/wp-content\/uploads\/2019\/09\/mc3a1s-sensibilizacic3b3n-para-las-personas-con-discapacidad.jpg","contentUrl":"https:\/\/www.rehagirona.com\/wp-content\/uploads\/2019\/09\/mc3a1s-sensibilizacic3b3n-para-las-personas-con-discapacidad.jpg","width":900,"height":506,"caption":"M\u00e1s sensibilizaci\u00f3n para las Personas con Discapacidad"},{"@type":"BreadcrumbList","@id":"https:\/\/www.rehagirona.com\/ca\/mes-sensibilitzacio-per-a-les-persones-amb-discapacitat\/#breadcrumb","itemListElement":[{"@type":"ListItem","position":1,"name":"Home","item":"https:\/\/www.rehagirona.com\/ca\/"},{"@type":"ListItem","position":2,"name":"M\u00e9s sensibilitzaci\u00f3 per a les Persones amb Discapacitat"}]},{"@type":"WebSite","@id":"https:\/\/www.rehagirona.com\/ca\/#website","url":"https:\/\/www.rehagirona.com\/ca\/","name":"Rehagirona","description":"Rehagirona","potentialAction":[{"@type":"SearchAction","target":{"@type":"EntryPoint","urlTemplate":"https:\/\/www.rehagirona.com\/ca\/?s={search_term_string}"},"query-input":{"@type":"PropertyValueSpecification","valueRequired":true,"valueName":"search_term_string"}}],"inLanguage":"ca-CA"},{"@type":"Person","@id":"https:\/\/www.rehagirona.com\/ca\/#\/schema\/person\/5578abbc7e49064daeb633f00f05bf8a","name":"Rehagirona","image":{"@type":"ImageObject","inLanguage":"ca-CA","@id":"https:\/\/www.rehagirona.com\/ca\/#\/schema\/person\/image\/","url":"https:\/\/www.rehagirona.com\/wp-content\/litespeed\/avatar\/5ce495079e434aab0db56973643071d5.jpg?ver=1777464105","contentUrl":"https:\/\/www.rehagirona.com\/wp-content\/litespeed\/avatar\/5ce495079e434aab0db56973643071d5.jpg?ver=1777464105","caption":"Rehagirona"},"url":"https:\/\/www.rehagirona.com\/ca\/author\/rehagirona\/"}]}},"_links":{"self":[{"href":"https:\/\/www.rehagirona.com\/ca\/wp-json\/wp\/v2\/posts\/30589","targetHints":{"allow":["GET"]}}],"collection":[{"href":"https:\/\/www.rehagirona.com\/ca\/wp-json\/wp\/v2\/posts"}],"about":[{"href":"https:\/\/www.rehagirona.com\/ca\/wp-json\/wp\/v2\/types\/post"}],"author":[{"embeddable":true,"href":"https:\/\/www.rehagirona.com\/ca\/wp-json\/wp\/v2\/users\/2"}],"replies":[{"embeddable":true,"href":"https:\/\/www.rehagirona.com\/ca\/wp-json\/wp\/v2\/comments?post=30589"}],"version-history":[{"count":0,"href":"https:\/\/www.rehagirona.com\/ca\/wp-json\/wp\/v2\/posts\/30589\/revisions"}],"wp:featuredmedia":[{"embeddable":true,"href":"https:\/\/www.rehagirona.com\/ca\/wp-json\/wp\/v2\/media\/30587"}],"wp:attachment":[{"href":"https:\/\/www.rehagirona.com\/ca\/wp-json\/wp\/v2\/media?parent=30589"}],"wp:term":[{"taxonomy":"category","embeddable":true,"href":"https:\/\/www.rehagirona.com\/ca\/wp-json\/wp\/v2\/categories?post=30589"},{"taxonomy":"post_tag","embeddable":true,"href":"https:\/\/www.rehagirona.com\/ca\/wp-json\/wp\/v2\/tags?post=30589"}],"curies":[{"name":"wp","href":"https:\/\/api.w.org\/{rel}","templated":true}]}}